{"id":36537,"date":"2026-03-10T10:00:00","date_gmt":"2026-03-10T10:00:00","guid":{"rendered":"http:\/\/rodolfomartino.com.br\/blog\/?p=36537"},"modified":"2026-03-10T17:59:30","modified_gmt":"2026-03-10T17:59:30","slug":"neymar-o-governador-e-o-opala","status":"publish","type":"post","link":"http:\/\/www.rodolfomartino.com.br\/blog\/neymar-o-governador-e-o-opala\/","title":{"rendered":"Neymar, o governador e o Opala"},"content":{"rendered":"\n<p><em>Foto: Neymar e a sele\u00e7\u00e3o\/Santos FC\/Divulga\u00e7\u00e3o<\/em><\/p>\n\n\n\n<p>&#8230;<\/p>\n\n\n\n<p>Ou\u00e7o a conversa de que o italiano t\u00e9cnico da sele\u00e7\u00e3o brasileira, Carlo Ancelotti, e o coordenador executivo de sele\u00e7\u00f5es, Rodrigo Caetano, est\u00e3o planejando assistir ao jogo de hoje \u00e0 noite na pujante cidade de Mirassol, interior de S\u00e3o Paulo, entre o time local e o Santos de Neymar &amp; Cia.<\/p>\n\n\n\n<p>A partida \u00e9 v\u00e1lida pelo Brasileir\u00e3o deste ano \u2013 mas, n\u00e3o tem outro atrativo sen\u00e3o aquele de ver Neymar em campo e avaliar <em>in loco<\/em> se o renomado atleta de 34 anos merece ou n\u00e3o estar na lista de convocados para os amistosos de mar\u00e7o agora e, assim na sequ\u00eancia, fazer por merecer a escolha de ser um dos 26 selecion\u00e1veis para o Mundial de 2026.<\/p>\n\n\n\n<p>\u2026<\/p>\n\n\n\n<p>Um brev\u00edssimo detalhe chamou a aten\u00e7\u00e3o de todos.<\/p>\n\n\n\n<p>Neymar n\u00e3o estar\u00e1 em campo, ao menos \u00e9 o se sabe nesta chuvosa manh\u00e3 de ter\u00e7a-feira.<\/p>\n\n\n\n<p>Consta que o boleiro n\u00e3o est\u00e1 contundido.<\/p>\n\n\n\n<p>Diz o clube que em fun\u00e7\u00e3o de \u201cum controle de carga\u201d, o craque ser\u00e1 preservado visto que a temporada \u00e9 e ser\u00e1 muito desgastante.<\/p>\n\n\n\n<p>Neymar n\u00e3o entra em campo h\u00e1 12 dias, vale a ressalva.<\/p>\n\n\n\n<p>A m\u00eddia esportiva estranhou e ligou o inevit\u00e1vel desconfi\u00f4metro.<\/p>\n\n\n\n<p>Estranho muito estranho.<\/p>\n\n\n\n<p>Carlo Ancelotti vai a Mirassol para ver Neymar que, por sua vez, n\u00e3o estar\u00e1 em campo.<\/p>\n\n\n\n<p>\u201cO que se passa?\u201d<\/p>\n\n\n\n<p>\u2026<\/p>\n\n\n\n<p>Meus caros e preclaros,<\/p>\n\n\n\n<p>\u2026 euzinho, daqui, do meu humilde posto de observa\u00e7\u00e3o, n\u00e3o fa\u00e7o a menor quest\u00e3o de saber o que rola em Santos, na sede da CBF ou em Mirassol.<\/p>\n\n\n\n<p>Perdoem-me, se poss\u00edvel.<\/p>\n\n\n\n<p>Mas, lhes direi apenas que\u2026<\/p>\n\n\n\n<p>&#8230; posso entender o Neymar.<\/p>\n\n\n\n<p>\u2026<\/p>\n\n\n\n<p>Explico.<\/p>\n\n\n\n<p>Por for\u00e7a das circunst\u00e2ncias, vivi pessoalmente uma situa\u00e7\u00e3o semelhante nos idos dos anos 70.<\/p>\n\n\n\n<p>Acho at\u00e9 que j\u00e1 lhes contei nos primeiros tempos do Blog, mas enfim n\u00e3o custa recordar.<\/p>\n\n\n\n<p>Vamos aos fatos,<\/p>\n\n\n\n<p>\u2026<\/p>\n\n\n\n<p>Naquele tempo\u2026<\/p>\n\n\n\n<p>Deu-se que junto com o amigo Naconecy, assim que nos formamos no curso de Jornalismo, abrimos um valente jornal de bairro, na Mooca. Foi uma aventura de ano e tanto, se bem me lembro. \u00c9ramos jovens e algo inconsequentes. <\/p>\n\n\n\n<p>Ah!, nossos vinte e poucos anos!<\/p>\n\n\n\n<p>Assim topamos o tal desafio com a cara, a coragem, nenhum dinheiro e a garagem da casa onde ele morava com a fam\u00edlia.<\/p>\n\n\n\n<p>\u2026<\/p>\n\n\n\n<p>Era um lugar, digamos, suficiente para abrigar nossa primeira aventura na promissora carreira.<\/p>\n\n\n\n<p>Havia apenas um inconveniente que, ali\u00e1s, nos passou despercebido at\u00e9 o caso que se registrou.<\/p>\n\n\n\n<p>Seguinte: o dono da casa, o pai do meu amigo e s\u00f3cio, o Sr. Naconecy, viajava muito a servi\u00e7o. Mas quando chegava, prudentemente, e com todo o direito, usava parte do espa\u00e7o da nossa aguerrida Reda\u00e7\u00e3o para guardar o imp\u00e1vido Opala quatro portas.<\/p>\n\n\n\n<p>\u2026<\/p>\n\n\n\n<p>Ali\u00e1s, fazia mais.<\/p>\n\n\n\n<p>Deixava aberto o cap\u00f4, o porta-malas e todas as portas do ve\u00edculo \u201cpara maior refrigera\u00e7\u00e3o e assim evitar focos de ferrugem\u201d.<\/p>\n\n\n\n<p>Para n\u00f3s, nada de mais porque defend\u00edamos o p\u00e3o de cada dia em outros empregos e s\u00f3 \u00e0 noite nos  reun\u00edamos para tocar o jornal.<\/p>\n\n\n\n<p>\u2026<\/p>\n\n\n\n<p>Pois bem\u2026<\/p>\n\n\n\n<p>Na tarde de um dia que se perdeu nos desv\u00e3os do tempo, o ilustre governador Laudo Natel, em campanha na Zona Leste paulistana, resolveu nos fazer uma surpresa. E incluir, quanta honra!, em sua agenda uma visita \u00e0 sede do nosso jornal.<\/p>\n\n\n\n<p>A bem da verdade, todos ficamos surpresos e perplexos, inclusive o pr\u00f3prio Natel ao deparar com o inusitado da situa\u00e7\u00e3o.<\/p>\n\n\n\n<p>Era o dia\u2026 L\u00e1 estava o possante, todo arreganhado.<\/p>\n\n\n\n<p>\u2026<\/p>\n\n\n\n<p>Mesmo assim, n\u00e3o hesitou \u2014 ossos de of\u00edcio da vida p\u00fablica \u2013 e acabou entrando, a desviar das portas e tralhas com alguma agilidade.<\/p>\n\n\n\n<p>S\u00f3 soubemos do fato \u00e0 noite, quando nos reunimos. <\/p>\n\n\n\n<p>Fomos informados pelo irm\u00e3o do Naconecy que, imbu\u00eddo do mais alto esp\u00edrito jornal\u00edstico, fez as vezes de anfitri\u00e3o e, por zelo e oportunidade, registrou o fato pelas lentes de uma indom\u00e1vel Polaroid.<\/p>\n\n\n\n<p>Acontece!<\/p>\n\n\n\n<p>&#8230;<\/p>\n\n\n\n<p>Dou-lhes o contexto.<\/p>\n\n\n\n<p>Natel era candidato \u00e0 indica\u00e7\u00e3o presidencial que o levaria a permanecer, mais um per\u00edodo, no Pal\u00e1cio dos Bandeirantes. Eram tempos ditatoriais, os anos de chumbo, n\u00e3o havia elei\u00e7\u00f5es e o presidente-general de plant\u00e3o escolhia o governador de S\u00e3o Paulo, como de resto dos demais estados brasileiros.<\/p>\n\n\n\n<p>Para n\u00e3o fugir aos fatos, na sexta-feira seguinte, o valoroso <em>Jornal da Mooca<\/em> n\u00e3o deixou de registrar o fato com a publica\u00e7\u00e3o da foto encimada pelo not\u00e1vel t\u00edtulo:<\/p>\n\n\n\n<p>\u201cLaudo Natel visita nossa Reda\u00e7\u00e3o\u201d.<\/p>\n\n\n\n<p>E, em uma linha fina, de forma categ\u00f3rica, conclu\u00eda:<\/p>\n\n\n\n<p>\u201cMas, n\u00f3s n\u00e3o est\u00e1vamos\u201d.<\/p>\n\n\n\n<p>\u2026<\/p>\n\n\n\n<p>At\u00e9 hoje desconfio da poderosa for\u00e7a e abrang\u00eancia do nosso bravo tabloide. Sa\u00eda quinzenalmente, tinha oito p\u00e1ginas e circulava na Mooca e imedia\u00e7\u00f5es, com 5 mil exemplares.<\/p>\n\n\n\n<p>Mas, a verdade_verdadeira \u00e9 que, mesmo com todo o favoritismo de Natel, o governador escolhido, l\u00e1 na long\u00ednqua Bras\u00edlia, meses depois, foi Paulo Maluf.<\/p>\n\n\n\n<p>E ele nem nos visitou\u2026<\/p>\n\n\n\n<p>\u2026<\/p>\n\n\n\n<p><strong>TRILHA SONORA<\/strong><\/p>\n\n\n\n<p><em>&#8220;\u00d3i, turma, num deu pra esperar<\/em>\/<em> num faz mar, num tem import\u00e2ncia<\/em>&#8220;.<\/p>\n\n\n\n<p>&#8230;<\/p>\n\n\n\n<figure class=\"wp-block-embed is-type-video is-provider-youtube wp-block-embed-youtube wp-embed-aspect-4-3 wp-has-aspect-ratio\"><div class=\"wp-block-embed__wrapper\">\n<iframe loading=\"lazy\" title=\"Adoniran Barbosa - Samba do Arnesto\" width=\"800\" height=\"600\" src=\"https:\/\/www.youtube.com\/embed\/plOezZ6936Y?feature=oembed\" frameborder=\"0\" allow=\"accelerometer; autoplay; clipboard-write; encrypted-media; gyroscope; picture-in-picture; web-share\" referrerpolicy=\"strict-origin-when-cross-origin\" allowfullscreen><\/iframe>\n<\/div><\/figure>\n\n\n\n<p>&#8230;<\/p>\n","protected":false},"excerpt":{"rendered":"<p><em>Foto: Neymar e a sele\u00e7\u00e3o\/Santos FC\/Divulga\u00e7\u00e3o<\/em><\/p>\n<p>&#8230;<\/p>\n<p>Ou\u00e7o a conversa de que o italiano t\u00e9cnico da sele\u00e7\u00e3o brasileira, Carlo Ancelotti, e o coordenador executivo de sele\u00e7\u00f5es,<\/p>\n","protected":false},"author":1,"featured_media":36540,"comment_status":"open","ping_status":"open","sticky":false,"template":"","format":"standard","meta":{"_exactmetrics_skip_tracking":false,"_exactmetrics_sitenote_active":false,"_exactmetrics_sitenote_note":"","_exactmetrics_sitenote_category":0,"_uf_show_specific_survey":0,"_uf_disable_surveys":false,"footnotes":""},"categories":[5],"tags":[5369,254,1804,5370,5372,69,5371,146,65],"class_list":["post-36537","post","type-post","status-publish","format-standard","has-post-thumbnail","hentry","category-blog","tag-carlo-ancelotti","tag-cbf","tag-jornal-da-mooca","tag-laudo-natel","tag-mirassol","tag-neymar","tag-opala","tag-santos","tag-selecao"],"_links":{"self":[{"href":"http:\/\/www.rodolfomartino.com.br\/blog\/wp-json\/wp\/v2\/posts\/36537","targetHints":{"allow":["GET"]}}],"collection":[{"href":"http:\/\/www.rodolfomartino.com.br\/blog\/wp-json\/wp\/v2\/posts"}],"about":[{"href":"http:\/\/www.rodolfomartino.com.br\/blog\/wp-json\/wp\/v2\/types\/post"}],"author":[{"embeddable":true,"href":"http:\/\/www.rodolfomartino.com.br\/blog\/wp-json\/wp\/v2\/users\/1"}],"replies":[{"embeddable":true,"href":"http:\/\/www.rodolfomartino.com.br\/blog\/wp-json\/wp\/v2\/comments?post=36537"}],"version-history":[{"count":6,"href":"http:\/\/www.rodolfomartino.com.br\/blog\/wp-json\/wp\/v2\/posts\/36537\/revisions"}],"predecessor-version":[{"id":36550,"href":"http:\/\/www.rodolfomartino.com.br\/blog\/wp-json\/wp\/v2\/posts\/36537\/revisions\/36550"}],"wp:featuredmedia":[{"embeddable":true,"href":"http:\/\/www.rodolfomartino.com.br\/blog\/wp-json\/wp\/v2\/media\/36540"}],"wp:attachment":[{"href":"http:\/\/www.rodolfomartino.com.br\/blog\/wp-json\/wp\/v2\/media?parent=36537"}],"wp:term":[{"taxonomy":"category","embeddable":true,"href":"http:\/\/www.rodolfomartino.com.br\/blog\/wp-json\/wp\/v2\/categories?post=36537"},{"taxonomy":"post_tag","embeddable":true,"href":"http:\/\/www.rodolfomartino.com.br\/blog\/wp-json\/wp\/v2\/tags?post=36537"}],"curies":[{"name":"wp","href":"https:\/\/api.w.org\/{rel}","templated":true}]}}