{"id":36817,"date":"2026-04-22T03:00:00","date_gmt":"2026-04-22T03:00:00","guid":{"rendered":"http:\/\/rodolfomartino.com.br\/blog\/?p=36817"},"modified":"2026-04-21T17:22:34","modified_gmt":"2026-04-21T17:22:34","slug":"80-girassois-de-alceu-valenca","status":"publish","type":"post","link":"https:\/\/www.rodolfomartino.com.br\/blog\/80-girassois-de-alceu-valenca\/","title":{"rendered":"80 girass\u00f3is de Alceu Valen\u00e7a"},"content":{"rendered":"\n<p><em>Alceu Valen\u00e7a\/Foto: Leo Aversa\/Divulga\u00e7\u00e3o<\/em><\/p>\n\n\n\n<p><a><\/a>\u2026<\/p>\n\n\n\n<p>Penso que a nossa gera\u00e7\u00e3o \u2013 a minha e a dele, pois somos contempor\u00e2neos; ele, de julho de 1946; eu, de dezembro de 1950&#8230;<\/p>\n\n\n\n<p>Como dizia, a nossa gera\u00e7\u00e3o nunca o entendeu plenamente.<\/p>\n\n\n\n<p>Em outras palavras, n\u00e3o lhe demos a dimens\u00e3o e o valor merecidos.<\/p>\n\n\n\n<p>Por que lhes falo isso?<\/p>\n\n\n\n<p>Explico:<\/p>\n\n\n\n<p>O tanto de can\u00e7\u00f5es de discos antigos de Alceu Valen\u00e7a que ou\u00e7o onde quer que eu v\u00e1 \u00e9 absurdo.<\/p>\n\n\n\n<p>\u201cAnuncia\u00e7\u00e3o\u201d, \u201cLa Belle de Jour\u201d, \u201cMorena Tropicana\u201d, \u201cComo Dois Animais\u201d, \u201cGirassol\u201d, entre outras, s\u00e3o tocadas \u00e0 exaust\u00e3o nos bares, restaurantes e botecos da vida, em shows nas pra\u00e7as das mais distantes e variadas cidades, no repert\u00f3rio da rapaziada que toca e canta e encanta nas ruas \u2013 enfim, um enorme e merecido reconhecimento \u00e0 obra e arte deste pernambucano, poeta e imprevis\u00edvel, que est\u00e1 prestes a completar 80 anos.<\/p>\n\n\n\n<p>Alceu dispor \u2013 diria ele a divertir-se da minha admira\u00e7\u00e3o.<\/p>\n\n\n\n<p>\u2026<\/p>\n\n\n\n<p>Sempre lhe admirei, posso dizer.<\/p>\n\n\n\n<p>Digo mais: eu o considero um dos s\u00edmbolos da gera\u00e7\u00e3o p\u00f3s-tropicalista, a denominada \u201cgera\u00e7\u00e3o de briga\u201d, de tantos e imensur\u00e1veis talentos. A saber: Djavan (77 anos), Jo\u00e3o Bosco (Alceu faz 80 anos em julho), Ivan Lins (faz 81 anos em junho), Belchior (1946\/2017), Geraldinho Azevedo (81 anos), Z\u00e9 Ramalho (76 anos), Gonzaguinha (1945\/1991), Luiz Melodia (1951\/2017), entre outros bem-vindos nomes.<\/p>\n\n\n\n<p>\u2026<\/p>\n\n\n\n<p>Vejam se n\u00e3o tenho raz\u00e3o.<\/p>\n\n\n\n<p>Para celebrar a efem\u00e9ride, o pernambucano est\u00e1 em turn\u00ea pelo Brasil, desde 14 de mar\u00e7o, com o show<em> 80 Girass\u00f3is<\/em>. Neste fim de semana que se aproxima, estar\u00e1 em Curitiba, dia 25. Agora em abril o document\u00e1rio sobre o artista, <em>Vivo 76<\/em>, de Lino Ferreira, est\u00e1 no festival <em>\u00c9 Tudo Verdade<\/em> e ainda h\u00e1 um in\u00e9dito \u00e1lbum de m\u00fasicas autorais a ser lan\u00e7ado em breve. Tamb\u00e9m em prepara\u00e7\u00e3o, para estreia em cena no Rio de Janeiro (RJ) em 1 julho, o espet\u00e1culo de teatro <em>Anuncia\u00e7\u00e3o \u2013 O musical de Alceu Valen\u00e7a.<\/em><\/p>\n\n\n\n<p>N\u00e3o lhes disse, o homem est\u00e1 em todas. Muito merecido.<\/p>\n\n\n\n<p>&#8230;<\/p>\n\n\n\n<p><strong>TRILHA SONORA<\/strong><\/p>\n\n\n\n<figure class=\"wp-block-embed is-type-video is-provider-youtube wp-block-embed-youtube wp-embed-aspect-4-3 wp-has-aspect-ratio\"><div class=\"wp-block-embed__wrapper\">\n<iframe loading=\"lazy\" title=\"Alceu Valen\u00e7a - Vou Danado Pra Catende (1975)\" width=\"800\" height=\"600\" src=\"https:\/\/www.youtube.com\/embed\/rnc84s-i3ew?feature=oembed\" frameborder=\"0\" allow=\"accelerometer; autoplay; clipboard-write; encrypted-media; gyroscope; picture-in-picture; web-share\" referrerpolicy=\"strict-origin-when-cross-origin\" allowfullscreen><\/iframe>\n<\/div><\/figure>\n\n\n\n<p><strong>Uma preciosidade<\/strong><\/p>\n\n\n\n<p><em>Alceu Valen\u00e7a e o grupo Trem de Catende, que contava com parte dos integrantes da banda Ave Sangria. V\u00eddeo produzido para o Festival Abertura (1975), realizado pela TV Globo, onde a m\u00fasica foi contemplada na categoria &#8220;Pesquisa&#8221;. Alceu Valen\u00e7a (voz e viol\u00e3o); Z\u00e9 Ramalho (voz e viola); Lula C\u00f4rtes (tric\u00f3rdio); Z\u00e9 da Flauta (flauta); Ivinho (guitarra); Paulo Raphael (baixo); Israel Semente Proibida (bateria); Agricinho Noia (percuss\u00e3o); *Percussionista do lado direito n\u00e3o identificado.<\/em><\/p>\n\n\n\n<p>&#8230;<\/p>\n","protected":false},"excerpt":{"rendered":"<p><em>Alceu Valen\u00e7a\/Foto: Leo Aversa\/Divulga\u00e7\u00e3o<\/em><\/p>\n<p><a><\/a>\u2026<\/p>\n<p>Penso que a nossa gera\u00e7\u00e3o \u2013 a minha e a dele, pois somos contempor\u00e2neos; ele, de julho de 1946;<\/p>\n","protected":false},"author":1,"featured_media":36821,"comment_status":"open","ping_status":"open","sticky":false,"template":"","format":"standard","meta":{"_exactmetrics_skip_tracking":false,"_exactmetrics_sitenote_active":false,"_exactmetrics_sitenote_note":"","_exactmetrics_sitenote_category":0,"_uf_show_specific_survey":0,"_uf_disable_surveys":false,"footnotes":""},"categories":[5],"tags":[730,1400,2027,5447,4924,5449,97,5448,3430],"class_list":["post-36817","post","type-post","status-publish","format-standard","has-post-thumbnail","hentry","category-blog","tag-80-anos","tag-alceu-valenca","tag-anunciacao","tag-celebracoes","tag-geracao-de-briga","tag-morena-tropicana","tag-mpb","tag-pernambuco","tag-sucessos"],"_links":{"self":[{"href":"https:\/\/www.rodolfomartino.com.br\/blog\/wp-json\/wp\/v2\/posts\/36817","targetHints":{"allow":["GET"]}}],"collection":[{"href":"https:\/\/www.rodolfomartino.com.br\/blog\/wp-json\/wp\/v2\/posts"}],"about":[{"href":"https:\/\/www.rodolfomartino.com.br\/blog\/wp-json\/wp\/v2\/types\/post"}],"author":[{"embeddable":true,"href":"https:\/\/www.rodolfomartino.com.br\/blog\/wp-json\/wp\/v2\/users\/1"}],"replies":[{"embeddable":true,"href":"https:\/\/www.rodolfomartino.com.br\/blog\/wp-json\/wp\/v2\/comments?post=36817"}],"version-history":[{"count":4,"href":"https:\/\/www.rodolfomartino.com.br\/blog\/wp-json\/wp\/v2\/posts\/36817\/revisions"}],"predecessor-version":[{"id":36822,"href":"https:\/\/www.rodolfomartino.com.br\/blog\/wp-json\/wp\/v2\/posts\/36817\/revisions\/36822"}],"wp:featuredmedia":[{"embeddable":true,"href":"https:\/\/www.rodolfomartino.com.br\/blog\/wp-json\/wp\/v2\/media\/36821"}],"wp:attachment":[{"href":"https:\/\/www.rodolfomartino.com.br\/blog\/wp-json\/wp\/v2\/media?parent=36817"}],"wp:term":[{"taxonomy":"category","embeddable":true,"href":"https:\/\/www.rodolfomartino.com.br\/blog\/wp-json\/wp\/v2\/categories?post=36817"},{"taxonomy":"post_tag","embeddable":true,"href":"https:\/\/www.rodolfomartino.com.br\/blog\/wp-json\/wp\/v2\/tags?post=36817"}],"curies":[{"name":"wp","href":"https:\/\/api.w.org\/{rel}","templated":true}]}}