{"id":36823,"date":"2026-04-23T02:00:00","date_gmt":"2026-04-23T02:00:00","guid":{"rendered":"http:\/\/rodolfomartino.com.br\/blog\/?p=36823"},"modified":"2026-04-23T13:36:16","modified_gmt":"2026-04-23T13:36:16","slug":"arrasca_penalti-e-a-quinta-serie","status":"publish","type":"post","link":"https:\/\/www.rodolfomartino.com.br\/blog\/arrasca_penalti-e-a-quinta-serie\/","title":{"rendered":"Arrasca_p\u00eanalti e a quinta s\u00e9rie"},"content":{"rendered":"\n<p><em>Torcedores criam imagens de trof\u00e9u &#8220;arrasca_p\u00eanalti&#8221;\/Reprodu\u00e7\u00e3o X<\/em><\/p>\n\n\n\n<p>&#8230;<\/p>\n\n\n\n<p><em>Eu estava dormindo e me acordaram<\/em><\/p>\n\n\n\n<p><em>E me encontrei, assim, num mundo estranho e louco\u2026<\/em><\/p>\n\n\n\n<p><em>E quando come\u00e7ava a compreend\u00ea-lo<\/em><\/p>\n\n\n\n<p><em>Um pouco,<\/em><\/p>\n\n\n\n<p><em>J\u00e1 eram horas de dormir de novo!<\/em><\/p>\n\n\n\n<p>\u2026<\/p>\n\n\n\n<p>Ah, os poemas ligeiros de Mario Quintana sempre me inspiram.<\/p>\n\n\n\n<p>Agrade\u00e7o ao Chagas que me enviou as linhas acima, com o ins\u00f3lito questionamento:<\/p>\n\n\n\n<p>\u201cA quinta s\u00e9rie tomou conta da cr\u00f4nica esportiva, ou a impress\u00e3o \u00e9 s\u00f3 minha?\u201d<\/p>\n\n\n\n<p>\u2026<\/p>\n\n\n\n<p>O prezado leitor \u2013 inserido num dos grupos de WhatsApp que participo, n\u00e3o o conhe\u00e7o pessoalmente \u2013 pergunta minha opini\u00e3o sobre o quiproqu\u00f3 que vazou das redes sociais para a bancada dos destemperados debates esportivos e que denomina a simula\u00e7\u00e3o de penalidades m\u00e1ximas de uma partida de futebol como \u201carrasca_p\u00eanalti\u201d\u2026<\/p>\n\n\n\n<p>Pode isso, Arnaldo?<\/p>\n\n\n\n<p>Ele me envia um videozinho com jornalistas e influenciadores, sabida e declaradamente torcedores do Flamengo, passando o recibo que sentiram o golpe e com falas indignadas com o que chamam de campanha de estigmatiza\u00e7\u00e3o (ou vilaniza\u00e7\u00e3o) do camisa 10 da G\u00e1vea como voluntarioso \u201ccavador de p\u00eanaltis e piscineiro\u201d &#8211; e s\u00f3.<\/p>\n\n\n\n<p>Esquecem o craque de bola que \u00e9&#8230;<\/p>\n\n\n\n<p>\u201cIsso \u00e9 jornalismo ou bate-boca de botequim? Muito estranho, muito louco&#8230;\u201d<\/p>\n\n\n\n<p>\u2026<\/p>\n\n\n\n<p>Sinceramente, meu caro Chagas, vou ficar na minha. <\/p>\n\n\n\n<p>Cada qual com seu cada qual.<\/p>\n\n\n\n<p>Digo-lhe apenas que n\u00e3o lembro se na quinta s\u00e9rie (no meu tempo era optativo fazer ou n\u00e3o o quinto ano antes de seguir para o ginasial; n\u00f3s o cham\u00e1vamos de &#8216;curso de admiss\u00e3o&#8217;) \u00e9ramos assim, como direi?, t\u00e3o implac\u00e1veis em nossas opini\u00f5es e conceitos \u2013 se \u00e9 que os t\u00ednhamos.<\/p>\n\n\n\n<p>O que bem me recordo \u00e9 levarmos a vida \u201cna flauta\u201d (outra express\u00e3o da \u00e9poca).<\/p>\n\n\n\n<p>T\u00ednhamos um humor infantilizado, boboca mesmo. \u00c9ramos ruidosos. Useiros e vezeiros (mais uma g\u00edria daqueles anos) em apelidos e piadas de gosto duvidoso; se poss\u00edvel, de duplo sentido e sem qualquer no\u00e7\u00e3o. <\/p>\n\n\n\n<p>Gost\u00e1vamos mesmo da bagun\u00e7a, de ludibriar o professor com artimanhas, mas n\u00e3o proclam\u00e1vamos o rancor e o \u00f3dio.<\/p>\n\n\n\n<p>Tamb\u00e9m n\u00e3o nos atribu\u00edamos a nobre fun\u00e7\u00e3o de juiz e totem da verdade, da moral e da justi\u00e7a.<\/p>\n\n\n\n<p>N\u00e3o \u00e9ramos melhores, nem piores. Pelas lentes do hoje, diria que \u00e9ramos imaturos, naturalmente imaturos \u2013 como n\u00e3o s\u00ea-lo com 9 ou 10 anos de idade. Algo inconsequentes, um tanto divertidos e ador\u00e1vamos futebol.<\/p>\n\n\n\n<p>\u2026<\/p>\n\n\n\n<p>Dou-lhe outro \u201csinceramente\u201d:<\/p>\n\n\n\n<p>Tomara mesmo o esp\u00edrito de \u201cquinta s\u00e9rie\u201d invadisse os est\u00e1dios e as mesas redondas sobre futebol (que andam por demais lacradoras e odientas). De resto, seria bom v\u00ea-lo se espalhar tamb\u00e9m por esse mund\u00e3o de Meu Deus, \u201cestranho e louco\u201d, com a leveza definitiva de um poema de Quintana.<\/p>\n\n\n\n<p>Fa\u00e7o, por\u00e9m, um \u00fanico sen\u00e3o ao Chagas e aos meus am\u00e1veis cinco ou seis leitores: quando a gente imagina entender as Coisas do Mundo, a\u00ed sim, a gente perde o rumo, o prumo e o sono de vez.<\/p>\n\n\n\n<p>&#8230;<\/p>\n\n\n\n<p>Mas, cabe o lembrete:<\/p>\n\n\n\n<p>Sigamos na f\u00e9 que hoje, 23 de abril, \u00e9 dia de se reverenciar Jorge, o Santo Guerreiro, defensor das causas justas e necess\u00e1rias. Salve Jorge!<\/p>\n\n\n\n<p>\u2026<\/p>\n\n\n\n<p><strong>TRILHA SONORA<\/strong><audio autoplay=\"\"><\/audio><\/p>\n\n\n\n<figure class=\"wp-block-embed is-type-video is-provider-youtube wp-block-embed-youtube wp-embed-aspect-16-9 wp-has-aspect-ratio\"><div class=\"wp-block-embed__wrapper\">\n<iframe loading=\"lazy\" title=\"1x0 - (Pixinguinha\/ Benedito Lacerda\/ Nelson \u00c2ngelo)\" width=\"800\" height=\"450\" src=\"https:\/\/www.youtube.com\/embed\/1WFzFH7JPbg?feature=oembed\" frameborder=\"0\" allow=\"accelerometer; autoplay; clipboard-write; encrypted-media; gyroscope; picture-in-picture; web-share\" referrerpolicy=\"strict-origin-when-cross-origin\" allowfullscreen><\/iframe>\n<\/div><\/figure>\n\n\n\n<p>&#8230;<\/p>\n","protected":false},"excerpt":{"rendered":"<p><em>Torcedores criam imagens de trof\u00e9u &#8220;arrasca_p\u00eanalti&#8221;\/Reprodu\u00e7\u00e3o X<\/em><\/p>\n<p>&#8230;<\/p>\n<p><em>Eu estava dormindo e me acordaram<\/em><\/p>\n<p><em>E me encontrei, assim, num mundo estranho e louco\u2026<\/em><\/p>\n<p><em>E quando come\u00e7ava a compreend\u00ea-lo<\/em><\/p>\n<p><em>Um pouco,<\/em><\/p>\n","protected":false},"author":1,"featured_media":36826,"comment_status":"open","ping_status":"open","sticky":false,"template":"","format":"standard","meta":{"_exactmetrics_skip_tracking":false,"_exactmetrics_sitenote_active":false,"_exactmetrics_sitenote_note":"","_exactmetrics_sitenote_category":0,"_uf_show_specific_survey":0,"_uf_disable_surveys":false,"footnotes":""},"categories":[5],"tags":[5450,5452,5451,256,684,5453,514,5455],"class_list":["post-36823","post","type-post","status-publish","format-standard","has-post-thumbnail","hentry","category-blog","tag-arrascaeta","tag-arrasca_penalti","tag-cavador-de-penaltis","tag-cronica-esportiva","tag-flamengo","tag-quinta-srie","tag-quintana","tag-quintanilha"],"_links":{"self":[{"href":"https:\/\/www.rodolfomartino.com.br\/blog\/wp-json\/wp\/v2\/posts\/36823","targetHints":{"allow":["GET"]}}],"collection":[{"href":"https:\/\/www.rodolfomartino.com.br\/blog\/wp-json\/wp\/v2\/posts"}],"about":[{"href":"https:\/\/www.rodolfomartino.com.br\/blog\/wp-json\/wp\/v2\/types\/post"}],"author":[{"embeddable":true,"href":"https:\/\/www.rodolfomartino.com.br\/blog\/wp-json\/wp\/v2\/users\/1"}],"replies":[{"embeddable":true,"href":"https:\/\/www.rodolfomartino.com.br\/blog\/wp-json\/wp\/v2\/comments?post=36823"}],"version-history":[{"count":8,"href":"https:\/\/www.rodolfomartino.com.br\/blog\/wp-json\/wp\/v2\/posts\/36823\/revisions"}],"predecessor-version":[{"id":36836,"href":"https:\/\/www.rodolfomartino.com.br\/blog\/wp-json\/wp\/v2\/posts\/36823\/revisions\/36836"}],"wp:featuredmedia":[{"embeddable":true,"href":"https:\/\/www.rodolfomartino.com.br\/blog\/wp-json\/wp\/v2\/media\/36826"}],"wp:attachment":[{"href":"https:\/\/www.rodolfomartino.com.br\/blog\/wp-json\/wp\/v2\/media?parent=36823"}],"wp:term":[{"taxonomy":"category","embeddable":true,"href":"https:\/\/www.rodolfomartino.com.br\/blog\/wp-json\/wp\/v2\/categories?post=36823"},{"taxonomy":"post_tag","embeddable":true,"href":"https:\/\/www.rodolfomartino.com.br\/blog\/wp-json\/wp\/v2\/tags?post=36823"}],"curies":[{"name":"wp","href":"https:\/\/api.w.org\/{rel}","templated":true}]}}